{"id":546,"date":"2015-06-15T09:41:05","date_gmt":"2015-06-15T09:41:05","guid":{"rendered":"http:\/\/www.smoc.fr\/rachat-de-la-societe-sams\/"},"modified":"2017-10-10T13:43:28","modified_gmt":"2017-10-10T11:43:28","slug":"rachat-de-la-societe-sams","status":"publish","type":"post","link":"https:\/\/www.smoc.fr\/fr\/rachat-de-la-societe-sams\/","title":{"rendered":"Rachat de la soci\u00e9t\u00e9 SAMS"},"content":{"rendered":"<p><span class=\"share-body\"><span id=\"control_gen_23\" class=\"commentary\">Smoc Industries compl\u00e8te sa gamme \u2026<br \/>\n<\/span><span id=\"control_gen_23\" class=\"commentary\">Le groupe s\u2019agrandit avec le rachat de la soci\u00e9t\u00e9 SAMS bas\u00e9e en r\u00e9gion parisienne, sp\u00e9cialiste du brochage et de la fabrication de broches petites sections.<br \/>\n<\/span><span id=\"control_gen_23\" class=\"commentary\">Emmanuel Saint-Sup\u00e9ry et toute son \u00e9quipe vous attendent pour vous pr\u00e9senter les derni\u00e8res avanc\u00e9es technologiques notamment :<br \/>\n<\/span><span id=\"control_gen_23\" class=\"commentary\">\u2022 Les broches carbure avec inserts coll\u00e9s,<br \/>\n\u2022 la pr\u00e9paration d\u2019ar\u00eate et de surface<br \/>\n\u2022 la brocheuse table montante \u00e9lectrom\u00e9canique de derni\u00e8re g\u00e9n\u00e9ration. <\/span><\/span><\/p>\n<p><span class=\"share-body\"><span id=\"control_gen_23\" class=\"commentary\">Nous vous invitons sur notre stand Hall 4C126 au salon du Bourget du 15 au 21 juin prochain<\/span><\/span><\/p>\n","protected":false},"excerpt":{"rendered":"<p>Smoc Industries compl\u00e8te sa gamme \u2026 Le groupe s\u2019agrandit avec le rachat de la soci\u00e9t\u00e9 SAMS bas\u00e9e en r\u00e9gion parisienne, sp\u00e9cialiste du brochage et de la fabrication de broches petites&#8230;<\/p>\n","protected":false},"author":1,"featured_media":0,"comment_status":"closed","ping_status":"closed","sticky":false,"template":"","format":"standard","meta":{"footnotes":""},"categories":[13,12],"tags":[],"class_list":{"0":"post-546","1":"post","2":"type-post","3":"status-publish","4":"format-standard","6":"category-actualites","7":"category-news-fr"},"yoast_head":"<!-- This site is optimized with the Yoast SEO plugin v27.4 - https:\/\/yoast.com\/product\/yoast-seo-wordpress\/ -->\n<title>Rachat de la soci\u00e9t\u00e9 SAMS - SMOC Industries<\/title>\n<meta name=\"robots\" content=\"index, follow, max-snippet:-1, max-image-preview:large, max-video-preview:-1\" \/>\n<link rel=\"canonical\" href=\"https:\/\/www.smoc.fr\/fr\/rachat-de-la-societe-sams\/\" \/>\n<meta property=\"og:locale\" content=\"fr_FR\" \/>\n<meta property=\"og:type\" content=\"article\" \/>\n<meta property=\"og:title\" content=\"Rachat de la soci\u00e9t\u00e9 SAMS - SMOC Industries\" \/>\n<meta property=\"og:description\" content=\"Smoc Industries compl\u00e8te sa gamme \u2026 Le groupe s\u2019agrandit avec le rachat de la soci\u00e9t\u00e9 SAMS bas\u00e9e en r\u00e9gion parisienne, sp\u00e9cialiste du brochage et de la fabrication de broches petites...\" \/>\n<meta property=\"og:url\" content=\"https:\/\/www.smoc.fr\/fr\/rachat-de-la-societe-sams\/\" \/>\n<meta property=\"og:site_name\" content=\"SMOC Industries\" \/>\n<meta property=\"article:publisher\" content=\"https:\/\/www.facebook.com\/smocindustries\/\" \/>\n<meta property=\"article:published_time\" content=\"2015-06-15T09:41:05+00:00\" \/>\n<meta property=\"article:modified_time\" content=\"2017-10-10T11:43:28+00:00\" \/>\n<meta name=\"author\" content=\"SMOC Industries\" \/>\n<meta name=\"twitter:card\" content=\"summary_large_image\" \/>\n<meta name=\"twitter:label1\" content=\"\u00c9crit par\" \/>\n\t<meta name=\"twitter:data1\" content=\"SMOC Industries\" \/>\n\t<meta name=\"twitter:label2\" content=\"Dur\u00e9e de lecture estim\u00e9e\" \/>\n\t<meta name=\"twitter:data2\" content=\"1 minute\" \/>\n<script type=\"application\/ld+json\" class=\"yoast-schema-graph\">{\"@context\":\"https:\\\/\\\/schema.org\",\"@graph\":[{\"@type\":\"Article\",\"@id\":\"https:\\\/\\\/www.smoc.fr\\\/fr\\\/rachat-de-la-societe-sams\\\/#article\",\"isPartOf\":{\"@id\":\"https:\\\/\\\/www.smoc.fr\\\/fr\\\/rachat-de-la-societe-sams\\\/\"},\"author\":{\"name\":\"SMOC Industries\",\"@id\":\"https:\\\/\\\/www.smoc.fr\\\/#\\\/schema\\\/person\\\/b94a5c48646c83a584b5e44b2cfbd6fd\"},\"headline\":\"Rachat de la soci\u00e9t\u00e9 SAMS\",\"datePublished\":\"2015-06-15T09:41:05+00:00\",\"dateModified\":\"2017-10-10T11:43:28+00:00\",\"mainEntityOfPage\":{\"@id\":\"https:\\\/\\\/www.smoc.fr\\\/fr\\\/rachat-de-la-societe-sams\\\/\"},\"wordCount\":106,\"publisher\":{\"@id\":\"https:\\\/\\\/www.smoc.fr\\\/#organization\"},\"articleSection\":[\"Actualit\u00e9s\",\"News\"],\"inLanguage\":\"fr-FR\"},{\"@type\":\"WebPage\",\"@id\":\"https:\\\/\\\/www.smoc.fr\\\/fr\\\/rachat-de-la-societe-sams\\\/\",\"url\":\"https:\\\/\\\/www.smoc.fr\\\/fr\\\/rachat-de-la-societe-sams\\\/\",\"name\":\"Rachat de la soci\u00e9t\u00e9 SAMS - SMOC Industries\",\"isPartOf\":{\"@id\":\"https:\\\/\\\/www.smoc.fr\\\/#website\"},\"datePublished\":\"2015-06-15T09:41:05+00:00\",\"dateModified\":\"2017-10-10T11:43:28+00:00\",\"breadcrumb\":{\"@id\":\"https:\\\/\\\/www.smoc.fr\\\/fr\\\/rachat-de-la-societe-sams\\\/#breadcrumb\"},\"inLanguage\":\"fr-FR\",\"potentialAction\":[{\"@type\":\"ReadAction\",\"target\":[\"https:\\\/\\\/www.smoc.fr\\\/fr\\\/rachat-de-la-societe-sams\\\/\"]}]},{\"@type\":\"BreadcrumbList\",\"@id\":\"https:\\\/\\\/www.smoc.fr\\\/fr\\\/rachat-de-la-societe-sams\\\/#breadcrumb\",\"itemListElement\":[{\"@type\":\"ListItem\",\"position\":1,\"name\":\"Accueil\",\"item\":\"https:\\\/\\\/www.smoc.fr\\\/fr\\\/\"},{\"@type\":\"ListItem\",\"position\":2,\"name\":\"Rachat de la soci\u00e9t\u00e9 SAMS\"}]},{\"@type\":\"WebSite\",\"@id\":\"https:\\\/\\\/www.smoc.fr\\\/#website\",\"url\":\"https:\\\/\\\/www.smoc.fr\\\/\",\"name\":\"SMOC Industries\",\"description\":\"Taill\u00e9 pour la forme\",\"publisher\":{\"@id\":\"https:\\\/\\\/www.smoc.fr\\\/#organization\"},\"potentialAction\":[{\"@type\":\"SearchAction\",\"target\":{\"@type\":\"EntryPoint\",\"urlTemplate\":\"https:\\\/\\\/www.smoc.fr\\\/?s={search_term_string}\"},\"query-input\":{\"@type\":\"PropertyValueSpecification\",\"valueRequired\":true,\"valueName\":\"search_term_string\"}}],\"inLanguage\":\"fr-FR\"},{\"@type\":\"Organization\",\"@id\":\"https:\\\/\\\/www.smoc.fr\\\/#organization\",\"name\":\"SMOC Industries\",\"url\":\"https:\\\/\\\/www.smoc.fr\\\/\",\"logo\":{\"@type\":\"ImageObject\",\"inLanguage\":\"fr-FR\",\"@id\":\"https:\\\/\\\/www.smoc.fr\\\/#\\\/schema\\\/logo\\\/image\\\/\",\"url\":\"http:\\\/\\\/www.smoc.fr\\\/wp-content\\\/uploads\\\/2017\\\/06\\\/SMOC_logo.png\",\"contentUrl\":\"http:\\\/\\\/www.smoc.fr\\\/wp-content\\\/uploads\\\/2017\\\/06\\\/SMOC_logo.png\",\"width\":579,\"height\":182,\"caption\":\"SMOC Industries\"},\"image\":{\"@id\":\"https:\\\/\\\/www.smoc.fr\\\/#\\\/schema\\\/logo\\\/image\\\/\"},\"sameAs\":[\"https:\\\/\\\/www.facebook.com\\\/smocindustries\\\/\"]},{\"@type\":\"Person\",\"@id\":\"https:\\\/\\\/www.smoc.fr\\\/#\\\/schema\\\/person\\\/b94a5c48646c83a584b5e44b2cfbd6fd\",\"name\":\"SMOC Industries\",\"url\":\"https:\\\/\\\/www.smoc.fr\\\/fr\\\/author\\\/xavier-michel\\\/\"}]}<\/script>\n<!-- \/ Yoast SEO plugin. -->","yoast_head_json":{"title":"Rachat de la soci\u00e9t\u00e9 SAMS - SMOC Industries","robots":{"index":"index","follow":"follow","max-snippet":"max-snippet:-1","max-image-preview":"max-image-preview:large","max-video-preview":"max-video-preview:-1"},"canonical":"https:\/\/www.smoc.fr\/fr\/rachat-de-la-societe-sams\/","og_locale":"fr_FR","og_type":"article","og_title":"Rachat de la soci\u00e9t\u00e9 SAMS - SMOC Industries","og_description":"Smoc Industries compl\u00e8te sa gamme \u2026 Le groupe s\u2019agrandit avec le rachat de la soci\u00e9t\u00e9 SAMS bas\u00e9e en r\u00e9gion parisienne, sp\u00e9cialiste du brochage et de la fabrication de broches petites...","og_url":"https:\/\/www.smoc.fr\/fr\/rachat-de-la-societe-sams\/","og_site_name":"SMOC Industries","article_publisher":"https:\/\/www.facebook.com\/smocindustries\/","article_published_time":"2015-06-15T09:41:05+00:00","article_modified_time":"2017-10-10T11:43:28+00:00","author":"SMOC Industries","twitter_card":"summary_large_image","twitter_misc":{"\u00c9crit par":"SMOC Industries","Dur\u00e9e de lecture estim\u00e9e":"1 minute"},"schema":{"@context":"https:\/\/schema.org","@graph":[{"@type":"Article","@id":"https:\/\/www.smoc.fr\/fr\/rachat-de-la-societe-sams\/#article","isPartOf":{"@id":"https:\/\/www.smoc.fr\/fr\/rachat-de-la-societe-sams\/"},"author":{"name":"SMOC Industries","@id":"https:\/\/www.smoc.fr\/#\/schema\/person\/b94a5c48646c83a584b5e44b2cfbd6fd"},"headline":"Rachat de la soci\u00e9t\u00e9 SAMS","datePublished":"2015-06-15T09:41:05+00:00","dateModified":"2017-10-10T11:43:28+00:00","mainEntityOfPage":{"@id":"https:\/\/www.smoc.fr\/fr\/rachat-de-la-societe-sams\/"},"wordCount":106,"publisher":{"@id":"https:\/\/www.smoc.fr\/#organization"},"articleSection":["Actualit\u00e9s","News"],"inLanguage":"fr-FR"},{"@type":"WebPage","@id":"https:\/\/www.smoc.fr\/fr\/rachat-de-la-societe-sams\/","url":"https:\/\/www.smoc.fr\/fr\/rachat-de-la-societe-sams\/","name":"Rachat de la soci\u00e9t\u00e9 SAMS - SMOC Industries","isPartOf":{"@id":"https:\/\/www.smoc.fr\/#website"},"datePublished":"2015-06-15T09:41:05+00:00","dateModified":"2017-10-10T11:43:28+00:00","breadcrumb":{"@id":"https:\/\/www.smoc.fr\/fr\/rachat-de-la-societe-sams\/#breadcrumb"},"inLanguage":"fr-FR","potentialAction":[{"@type":"ReadAction","target":["https:\/\/www.smoc.fr\/fr\/rachat-de-la-societe-sams\/"]}]},{"@type":"BreadcrumbList","@id":"https:\/\/www.smoc.fr\/fr\/rachat-de-la-societe-sams\/#breadcrumb","itemListElement":[{"@type":"ListItem","position":1,"name":"Accueil","item":"https:\/\/www.smoc.fr\/fr\/"},{"@type":"ListItem","position":2,"name":"Rachat de la soci\u00e9t\u00e9 SAMS"}]},{"@type":"WebSite","@id":"https:\/\/www.smoc.fr\/#website","url":"https:\/\/www.smoc.fr\/","name":"SMOC Industries","description":"Taill\u00e9 pour la forme","publisher":{"@id":"https:\/\/www.smoc.fr\/#organization"},"potentialAction":[{"@type":"SearchAction","target":{"@type":"EntryPoint","urlTemplate":"https:\/\/www.smoc.fr\/?s={search_term_string}"},"query-input":{"@type":"PropertyValueSpecification","valueRequired":true,"valueName":"search_term_string"}}],"inLanguage":"fr-FR"},{"@type":"Organization","@id":"https:\/\/www.smoc.fr\/#organization","name":"SMOC Industries","url":"https:\/\/www.smoc.fr\/","logo":{"@type":"ImageObject","inLanguage":"fr-FR","@id":"https:\/\/www.smoc.fr\/#\/schema\/logo\/image\/","url":"http:\/\/www.smoc.fr\/wp-content\/uploads\/2017\/06\/SMOC_logo.png","contentUrl":"http:\/\/www.smoc.fr\/wp-content\/uploads\/2017\/06\/SMOC_logo.png","width":579,"height":182,"caption":"SMOC Industries"},"image":{"@id":"https:\/\/www.smoc.fr\/#\/schema\/logo\/image\/"},"sameAs":["https:\/\/www.facebook.com\/smocindustries\/"]},{"@type":"Person","@id":"https:\/\/www.smoc.fr\/#\/schema\/person\/b94a5c48646c83a584b5e44b2cfbd6fd","name":"SMOC Industries","url":"https:\/\/www.smoc.fr\/fr\/author\/xavier-michel\/"}]}},"_links":{"self":[{"href":"https:\/\/www.smoc.fr\/fr\/wp-json\/wp\/v2\/posts\/546","targetHints":{"allow":["GET"]}}],"collection":[{"href":"https:\/\/www.smoc.fr\/fr\/wp-json\/wp\/v2\/posts"}],"about":[{"href":"https:\/\/www.smoc.fr\/fr\/wp-json\/wp\/v2\/types\/post"}],"author":[{"embeddable":true,"href":"https:\/\/www.smoc.fr\/fr\/wp-json\/wp\/v2\/users\/1"}],"replies":[{"embeddable":true,"href":"https:\/\/www.smoc.fr\/fr\/wp-json\/wp\/v2\/comments?post=546"}],"version-history":[{"count":1,"href":"https:\/\/www.smoc.fr\/fr\/wp-json\/wp\/v2\/posts\/546\/revisions"}],"predecessor-version":[{"id":550,"href":"https:\/\/www.smoc.fr\/fr\/wp-json\/wp\/v2\/posts\/546\/revisions\/550"}],"wp:attachment":[{"href":"https:\/\/www.smoc.fr\/fr\/wp-json\/wp\/v2\/media?parent=546"}],"wp:term":[{"taxonomy":"category","embeddable":true,"href":"https:\/\/www.smoc.fr\/fr\/wp-json\/wp\/v2\/categories?post=546"},{"taxonomy":"post_tag","embeddable":true,"href":"https:\/\/www.smoc.fr\/fr\/wp-json\/wp\/v2\/tags?post=546"}],"curies":[{"name":"wp","href":"https:\/\/api.w.org\/{rel}","templated":true}]}}